{"id":34227,"date":"2025-11-15T19:52:44","date_gmt":"2025-11-15T17:52:44","guid":{"rendered":"https:\/\/www.sport-kaiser.de\/?p=34227"},"modified":"2025-12-06T13:55:06","modified_gmt":"2025-12-06T11:55:06","slug":"prien-on-ice-orari-di-apertura-pattinaggio","status":"publish","type":"post","link":"https:\/\/www.sport-kaiser.de\/it\/prien-on-ice-oeffnungszeite-schlittschuhlaufen\/","title":{"rendered":"Prien on Ice: magia invernale sulla pista di ghiaccio sintetico di Prien"},"content":{"rendered":"<p>Der Winter in Prien wird sportlich und gesellig: Vom 15. November 2025 bis zum 18. Januar 2026 l\u00e4dt die synthetische Kunsteisfl\u00e4che in der \u201eGesundheitswelt Chiemgau Arena\u201c am Wendelsteinpark unter dem Motto <strong>\"Prien on Ice<\/strong> per pattinare sul ghiaccio. Che si tratti di giri sportivi o di scivolate tranquille, qui ce n'\u00e8 per tutti i gusti!<\/p>\n\n\n\n<figure class=\"wp-block-image size-large\"><img loading=\"lazy\" decoding=\"async\" width=\"724\" height=\"1024\" src=\"https:\/\/www.sport-kaiser.de\/wp-content\/uploads\/2025\/11\/Oeffnungszeiten-fuer-Container-724x1024.png\" alt=\"\" class=\"wp-image-35356\" srcset=\"https:\/\/www.sport-kaiser.de\/wp-content\/uploads\/2025\/11\/Oeffnungszeiten-fuer-Container-724x1024.png 724w, https:\/\/www.sport-kaiser.de\/wp-content\/uploads\/2025\/11\/Oeffnungszeiten-fuer-Container-212x300.png 212w, https:\/\/www.sport-kaiser.de\/wp-content\/uploads\/2025\/11\/Oeffnungszeiten-fuer-Container-768x1086.png 768w, https:\/\/www.sport-kaiser.de\/wp-content\/uploads\/2025\/11\/Oeffnungszeiten-fuer-Container-1086x1536.png 1086w, https:\/\/www.sport-kaiser.de\/wp-content\/uploads\/2025\/11\/Oeffnungszeiten-fuer-Container-8x12.png 8w, https:\/\/www.sport-kaiser.de\/wp-content\/uploads\/2025\/11\/Oeffnungszeiten-fuer-Container-132x187.png 132w, https:\/\/www.sport-kaiser.de\/wp-content\/uploads\/2025\/11\/Oeffnungszeiten-fuer-Container-1290x1825.png 1290w, https:\/\/www.sport-kaiser.de\/wp-content\/uploads\/2025\/11\/Oeffnungszeiten-fuer-Container.png 1414w\" sizes=\"auto, (max-width: 724px) 100vw, 724px\" \/><\/figure>\n\n\n\n<h3 class=\"wp-block-heading\"><strong>Divertimento sul ghiaccio nel rispetto dell'ambiente<\/strong><\/h3>\n\n\n\n<p>La superficie di ghiaccio artificiale in materiale sintetico offre un'esperienza invernale ecologica, in quanto non richiede n\u00e9 acqua n\u00e9 elettricit\u00e0 per il funzionamento. Nonostante la sensazione di ghiaccio sintetico sia leggermente diversa da quella del ghiaccio tradizionale, offre un'esperienza di pattinaggio eccellente a tutti gli appassionati.<\/p>\n\n\n\n<h3 class=\"wp-block-heading\"><strong>Noleggio e servizi di pattinaggio<\/strong><\/h3>\n\n\n\n<p>Wer keine eigenen Schlittschuhe besitzt, kann sich direkt vor Ort hochwertige Modelle leihen. Der Verleih kostet  f\u00fcr Kinder <strong>5 Euro f\u00fcr bis zu 2 Stunden<\/strong> (Erwachsene zahlen 6 Euro). <\/p>\n\n\n\n<p>Au\u00dferdem bietet Sport Kaiser einen Schleifservice f\u00fcr Schlittschuhe \u2013 damit steht dem perfekten Kantenhalt nichts im Weg (Preis: ab 6 Euro).<\/p>\n\n\n\n<p><br>Per tutti coloro che portano i propri pattini, l'ingresso alla pista di ghiaccio \u00e8 gratuito. <strong>gratuito<\/strong>.<\/p>\n\n\n\n<h3 class=\"wp-block-heading\"><strong>Eventi e aperture straordinarie<\/strong><\/h3>\n\n\n\n<p>Neben dem regul\u00e4ren Eislaufspa\u00df finden auf der Eisfl\u00e4che zahlreiche spannende Events statt:<\/p>\n\n\n\n<ul class=\"wp-block-list\">\n<li><strong>Nikolausparty, 6.12.2025<\/strong>: ab 19 Uhr<\/li>\n\n\n\n<li><strong>Vorsilvesterparty, 27.12.2025<\/strong>: ab 19 Uhr<\/li>\n\n\n\n<li><strong>Apr\u00e8s-Ski-Party, 10.01.2026<\/strong>: ab 19 Uhr<\/li>\n\n\n\n<li><strong>Kinder Faschingsdisco, 16.01.2026<\/strong>: 15-18 Uhr<\/li>\n<\/ul>\n\n\n\n<p><\/p>\n\n\n\n<figure class=\"wp-block-image size-large\"><img loading=\"lazy\" decoding=\"async\" width=\"1024\" height=\"768\" src=\"https:\/\/www.sport-kaiser.de\/wp-content\/uploads\/2024\/11\/Prien-on-Ice-Opening_Action-1024x768.jpg\" alt=\"Prien on Ice - Apertura\" class=\"wp-image-34016\" srcset=\"https:\/\/www.sport-kaiser.de\/wp-content\/uploads\/2024\/11\/Prien-on-Ice-Opening_Action-1024x768.jpg 1024w, https:\/\/www.sport-kaiser.de\/wp-content\/uploads\/2024\/11\/Prien-on-Ice-Opening_Action-300x225.jpg 300w, https:\/\/www.sport-kaiser.de\/wp-content\/uploads\/2024\/11\/Prien-on-Ice-Opening_Action-768x576.jpg 768w, https:\/\/www.sport-kaiser.de\/wp-content\/uploads\/2024\/11\/Prien-on-Ice-Opening_Action-1536x1152.jpg 1536w, https:\/\/www.sport-kaiser.de\/wp-content\/uploads\/2024\/11\/Prien-on-Ice-Opening_Action-249x187.jpg 249w, https:\/\/www.sport-kaiser.de\/wp-content\/uploads\/2024\/11\/Prien-on-Ice-Opening_Action-1290x968.jpg 1290w, https:\/\/www.sport-kaiser.de\/wp-content\/uploads\/2024\/11\/Prien-on-Ice-Opening_Action-600x450.jpg 600w, https:\/\/www.sport-kaiser.de\/wp-content\/uploads\/2024\/11\/Prien-on-Ice-Opening_Action.jpg 2048w\" sizes=\"auto, (max-width: 1024px) 100vw, 1024px\" \/><\/figure>\n\n\n\n<h3 class=\"wp-block-heading\"><strong>Piacere per tutti i sensi<\/strong><\/h3>\n\n\n\n<p>Damit der Wintertag perfekt wird, k\u00f6nnt ihr euch direkt an der Eisfl\u00e4che mit warmen und kalten Getr\u00e4nken sowie regionalen Schmankerl verw\u00f6hnen lassen. <\/p>\n\n\n\n<hr class=\"wp-block-separator has-alpha-channel-opacity\"\/>\n\n\n\n<p><strong>Also, zieht eure Schlittschuhe an und genie\u00dft \u201ePrien on Ice\u201c bis zum 18. Januar 2026!<\/strong><br>Alle aktuellen Infos und Eventank\u00fcndigungen findet ihr auch auf Instagram: www.instagram.com\/sportkaiserprien<\/p>\n\n\n\n<p><\/p>","protected":false},"excerpt":{"rendered":"<p>Der Winter in Prien wird sportlich und gesellig: Vom 15. November 2025 bis zum 18. Januar 2026 l\u00e4dt die synthetische Kunsteisfl\u00e4che in der \u201eGesundheitswelt Chiemgau Arena\u201c am Wendelsteinpark unter dem<\/p>","protected":false},"author":170813083,"featured_media":35397,"comment_status":"open","ping_status":"closed","sticky":false,"template":"","format":"standard","meta":{"_price":"","_stock":"","_tribe_ticket_header":"","_tribe_default_ticket_provider":"","_tribe_ticket_capacity":"0","_ticket_start_date":"","_ticket_end_date":"","_tribe_ticket_show_description":"","_tribe_ticket_show_not_going":false,"_tribe_ticket_use_global_stock":"","_tribe_ticket_global_stock_level":"","_global_stock_mode":"","_global_stock_cap":"","_tribe_rsvp_for_event":"","_tribe_ticket_going_count":"","_tribe_ticket_not_going_count":"","_tribe_tickets_list":"[]","_tribe_ticket_has_attendee_info_fields":false,"footnotes":""},"categories":[2710,2889,2883],"tags":[3146,3147,3131,3132,3148],"class_list":["post-34227","post","type-post","status-publish","format-standard","has-post-thumbnail","hentry","category-allgemein","category-winter","category-wintersport","tag-oeffnungszeiten","tag-eislaufen","tag-prien-on-ice","tag-schlittschuhe","tag-schlittschuhlaufen"],"_links":{"self":[{"href":"https:\/\/www.sport-kaiser.de\/it\/wp-json\/wp\/v2\/posts\/34227","targetHints":{"allow":["GET"]}}],"collection":[{"href":"https:\/\/www.sport-kaiser.de\/it\/wp-json\/wp\/v2\/posts"}],"about":[{"href":"https:\/\/www.sport-kaiser.de\/it\/wp-json\/wp\/v2\/types\/post"}],"author":[{"embeddable":true,"href":"https:\/\/www.sport-kaiser.de\/it\/wp-json\/wp\/v2\/users\/170813083"}],"replies":[{"embeddable":true,"href":"https:\/\/www.sport-kaiser.de\/it\/wp-json\/wp\/v2\/comments?post=34227"}],"version-history":[{"count":7,"href":"https:\/\/www.sport-kaiser.de\/it\/wp-json\/wp\/v2\/posts\/34227\/revisions"}],"predecessor-version":[{"id":35403,"href":"https:\/\/www.sport-kaiser.de\/it\/wp-json\/wp\/v2\/posts\/34227\/revisions\/35403"}],"wp:featuredmedia":[{"embeddable":true,"href":"https:\/\/www.sport-kaiser.de\/it\/wp-json\/wp\/v2\/media\/35397"}],"wp:attachment":[{"href":"https:\/\/www.sport-kaiser.de\/it\/wp-json\/wp\/v2\/media?parent=34227"}],"wp:term":[{"taxonomy":"category","embeddable":true,"href":"https:\/\/www.sport-kaiser.de\/it\/wp-json\/wp\/v2\/categories?post=34227"},{"taxonomy":"post_tag","embeddable":true,"href":"https:\/\/www.sport-kaiser.de\/it\/wp-json\/wp\/v2\/tags?post=34227"}],"curies":[{"name":"wp","href":"https:\/\/api.w.org\/{rel}","templated":true}]}}