{"id":33343,"date":"2024-08-06T12:15:54","date_gmt":"2024-08-06T10:15:54","guid":{"rendered":"https:\/\/www.sport-kaiser.de\/?p=33343"},"modified":"2024-08-06T12:15:56","modified_gmt":"2024-08-06T10:15:56","slug":"come-trovare-il-sacco-a-pelo-giusto","status":"publish","type":"post","link":"https:\/\/www.sport-kaiser.de\/it\/so-findest-du-den-richtigen-schlafsack\/","title":{"rendered":"Quale sacco a pelo scegliere? Ve lo consigliamo qui!"},"content":{"rendered":"<p>Dormire a cielo aperto e vedere le stelle di notte: sembra un'avventura da sogno. Ma il tempo pu\u00f2 diventare rapidamente fastidioso, ed \u00e8 allora che serve il sacco a pelo giusto per tenervi al caldo e a vostro agio. Che stiate facendo trekking in Norvegia o viaggiando per il mondo sull'Himalaya, ogni destinazione e ogni zona climatica richiede un sacco a pelo diverso.<\/p>\n\n\n\n<p>In questo post del blog, vi diamo consigli completi sui sacchi a pelo per aiutarvi a trovare il miglior sacco a pelo per voi. <a href=\"https:\/\/www.sport-kaiser.de\/deuter-schlafsack-zum-campen-diese-5-punkte\/\">Sacco a pelo<\/a> per la vostra esperienza all'aperto.<\/p>\n\n\n\n<div class=\"wp-block-rank-math-toc-block\" id=\"rank-math-toc\"><h2>Indice dei contenuti<\/h2><nav><ol><li><a href=\"#welcher-schlafsack-passt-zu-mir\">Quale sacco a pelo \u00e8 adatto a me?<\/a><ol><li><a href=\"#klima\">Il clima<\/a><\/li><li><a href=\"#aktivitat\">Attivit\u00e0<\/a><\/li><li><a href=\"#platzbedarf\">Spazio necessario<\/a><\/li><li><a href=\"#belastung\">Carico<\/a><\/li><\/ol><\/li><li><a href=\"#schlafsack-aus-kunstfaser-oder-daune\">Sacco a pelo in fibra sintetica o in piuma?<\/a><ol><li><a href=\"#daunenschlafsack\">Sacco a pelo in piuma<\/a><\/li><li><a href=\"#kunstfaserschlafsack\">Sacco a pelo in fibra sintetica<\/a><\/li><li><a href=\"#entscheidungshilfe\">Supporto alle decisioni<\/a><\/li><\/ol><\/li><li><a href=\"#welche-schlafsacke-gibt-es\">Quali sono i sacchi a pelo disponibili?<\/a><ol><li><a href=\"#bauarten-von-schlafsacken\">Tipi di sacchi a pelo<\/a><ol><li><a href=\"#1-mumienform\">1. forma di mummia<\/a><\/li><li><a href=\"#2-deckenschlafsacke\">2. coperte sacchi a pelo<\/a><\/li><li><a href=\"#3-eiform-oder-hybrid\">3. forma a uovo (o ibrida)<\/a><\/li><\/ol><\/li><li><a href=\"#spezielle-schlafsackmodelle\">Modelli speciali di sacchi a pelo<\/a><ol><li><a href=\"#1-sommerschlafsacke\">1. sacchi a pelo estivi<\/a><\/li><li><a href=\"#2-winterschlafsacke\">2. sacchi a pelo invernali<\/a><\/li><li><a href=\"#3-3-jahreszeiten-schlafsacke\">3. Sacchi a pelo 3 stagioni<\/a><\/li><li><a href=\"#4-expeditionsschlafsacke\">4. sacchi a pelo da spedizione<\/a><\/li><\/ol><\/li><li><a href=\"#schlafsackgrossen-und-anpassungen\">Dimensioni e regolazioni del sacco a pelo<\/a><ol><li><a href=\"#1-korpergrosse\">1. dimensioni del corpo<\/a><\/li><li><a href=\"#2-anpassungsoptionen\">2. opzioni di personalizzazione<\/a><\/li><li><a href=\"#3-spezielle-varianten\">3. varianti speciali<\/a><\/li><\/ol><\/li><\/ol><\/li><li><a href=\"#welche-temperaturen-soll-dein-schlafsack-aushalten\">A quali temperature deve resistere il sacco a pelo?<\/a><ol><li><a href=\"#temperaturbereiche-nach-en-13537\">Campi di temperatura secondo EN 13537<\/a><\/li><li><a href=\"#weitere-faktoren-die-die-temperaturwahl-beeinflussen\">Altri fattori che influenzano la scelta della temperatura<\/a><\/li><li><a href=\"#wie-wir-testen\">Come testiamo<\/a><\/li><\/ol><\/li><li><a href=\"#nach-dem-schlafsack-kauf-tipps-fur-eine-erholsame-nacht\">Dopo l'acquisto di un sacco a pelo: consigli per un buon riposo notturno<\/a><ol><li><a href=\"#isomatte-die-richtige-unterlage-wahlen\">Tappeto isolante: scegliere la base giusta<\/a><\/li><li><a href=\"#windschutz-standortwahl-und-schutzmassnahmen\">Protezione dal vento: selezione del sito e misure di protezione<\/a><\/li><li><a href=\"#funktionswasche-effektive-schichten-tragen\">Intimo funzionale: indossare strati efficaci<\/a><\/li><li><a href=\"#mutze-kopf-und-gesicht-schutzen\">Cappello: protegge la testa e il viso<\/a><\/li><li><a href=\"#ernahrung-und-flussigkeitszufuhr\">Alimentazione e assunzione di liquidi<\/a><\/li><li><a href=\"#alkohol-vermeiden\">Evitare l'alcol<\/a><\/li><li><a href=\"#sachen-trocken-halten\">Mantenere le cose asciutte<\/a><\/li><\/ol><\/li><li><a href=\"#schlussfolgerung\">Conclusione<\/a><\/li><\/ol><\/nav><\/div>\n\n\n\n<hr class=\"wp-block-separator has-alpha-channel-opacity\"\/>\n\n\n\n<h2 class=\"wp-block-heading\" id=\"welcher-schlafsack-passt-zu-mir\">Quale sacco a pelo \u00e8 adatto a me?<\/h2>\n\n\n\n<p>Prima di acquistare un <a href=\"https:\/\/www.sport-kaiser.de\/deuter-schlafsack-zum-campen-diese-5-punkte\/\">Sacco a pelo<\/a> \u00e8 necessario avere ben chiaro l'uso previsto e le condizioni generali della vostra avventura all'aperto. Alcune domande vi aiuteranno a decidere:<\/p>\n\n\n\n<ul class=\"wp-block-list\">\n<li><strong>Per cosa volete usare il vostro sacco a pelo?<\/strong>\n<ul class=\"wp-block-list\">\n<li>Quali attivit\u00e0 avete in programma? Con quale frequenza e in quale zona climatica?<\/li>\n<\/ul>\n<\/li>\n\n\n\n<li><strong>Quali intervalli di temperatura si possono prevedere?<\/strong>\n<ul class=\"wp-block-list\">\n<li>Si tratta di una notte estiva o di condizioni invernali?<\/li>\n<\/ul>\n<\/li>\n\n\n\n<li><strong>Come si viaggia?<\/strong>\n<ul class=\"wp-block-list\">\n<li>Porterete il sacco a pelo nello zaino o lo trasporterete in auto?<\/li>\n<\/ul>\n<\/li>\n\n\n\n<li><strong>Quanto sono importanti per lei il peso e le dimensioni dello zaino?<\/strong>\n<ul class=\"wp-block-list\">\n<li>Lo spazio \u00e8 limitato o avete abbastanza spazio?<\/li>\n<\/ul>\n<\/li>\n<\/ul>\n\n\n\n<p><strong>I quattro aspetti decisivi che influenzano la scelta del sacco a pelo:<\/strong><\/p>\n\n\n\n<ol class=\"wp-block-list\">\n<li><strong>Il clima<\/strong>Viaggiate spesso in zone molto piovose o andate per lo pi\u00f9 di capanna in capanna? Qual \u00e8 il clima della vostra destinazione? Un sacco a pelo per un ambiente umido \u00e8 molto diverso da uno per un clima secco e desertico.<\/li>\n\n\n\n<li><strong>Attivit\u00e0<\/strong>Come viaggiate? Portate il sacco a pelo con voi o rimanete in un luogo fisso? Nei lunghi trekking, il peso e le dimensioni dello zaino sono fondamentali, mentre il comfort e il calore sono pi\u00f9 importanti se si rimane fermi.<\/li>\n\n\n\n<li><strong>Spazio necessario<\/strong>Preferite una coperta ampia o un'accogliente forma a mummia? La taglia giusta \u00e8 spesso fondamentale. Un sacco a pelo troppo stretto pu\u00f2 risultare costrittivo, mentre uno troppo largo non vi terr\u00e0 al caldo in modo efficace.<\/li>\n\n\n\n<li><strong>Carico<\/strong>Quanto pi\u00f9 frequenti sono i cambi di posizione, tanto maggiori sono le sollecitazioni meccaniche durante il disimballaggio e l'imballo.<\/li>\n<\/ol>\n\n\n\n<h3 class=\"wp-block-heading\" id=\"klima\">Il clima<\/h3>\n\n\n\n<p><strong>Clima secco:<\/strong><\/p>\n\n\n\n<ul class=\"wp-block-list\">\n<li><strong>Sacchi a pelo in piuma<\/strong> offrono un eccellente isolamento e sono leggeri, il che li rende la scelta ideale per le condizioni asciutte e fredde. Trattengono efficacemente il calore e sono particolarmente adatti per l'alpinismo e le escursioni invernali.<\/li>\n<\/ul>\n\n\n\n<p><strong>Clima umido:<\/strong><\/p>\n\n\n\n<ul class=\"wp-block-list\">\n<li><strong>Sacchi a pelo in fibra sintetica<\/strong> sono ideali per le condizioni di umidit\u00e0, poich\u00e9 mantengono le loro propriet\u00e0 isolanti anche quando sono bagnati e si asciugano pi\u00f9 rapidamente della piuma.<\/li>\n<\/ul>\n\n\n\n<h3 class=\"wp-block-heading\" id=\"aktivitat\">Attivit\u00e0<\/h3>\n\n\n\n<p><strong>Trekking ed escursioni:<\/strong><\/p>\n\n\n\n<ul class=\"wp-block-list\">\n<li>I sacchi a pelo leggeri e comprimibili sono fondamentali per le lunghe escursioni e i trekking. I sacchi a pelo con dimensioni e peso ridotti sono un vantaggio in questo caso.<\/li>\n<\/ul>\n\n\n\n<p><strong>Campeggio e campo base:<\/strong><\/p>\n\n\n\n<ul class=\"wp-block-list\">\n<li>Se si soggiorna in un luogo fisso, si pu\u00f2 scegliere un sacco a pelo pi\u00f9 pesante e pi\u00f9 comodo, che offre maggiore comfort ma pu\u00f2 pesare di pi\u00f9.<\/li>\n<\/ul>\n\n\n\n<h3 class=\"wp-block-heading\" id=\"platzbedarf\">Spazio necessario<\/h3>\n\n\n\n<ul class=\"wp-block-list\">\n<li><strong>Sacchi a pelo per mummie<\/strong> sono aderenti e offrono un'elevata efficienza termica in quanto trattengono meglio il calore corporeo. Sono ideali per le condizioni di freddo.<\/li>\n\n\n\n<li><strong>Sacchi a pelo con coperta<\/strong> offrono una maggiore libert\u00e0 di movimento e sono ideali per i climi moderati o quando lo spazio e il comfort sono fondamentali.<\/li>\n<\/ul>\n\n\n\n<h3 class=\"wp-block-heading\" id=\"belastung\">Carico<\/h3>\n\n\n\n<ul class=\"wp-block-list\">\n<li>Con frequenti cambi di posizione e un uso intensivo, il sacco a pelo deve essere robusto e durevole per resistere alle esigenze.<\/li>\n<\/ul>\n\n\n\n<figure class=\"wp-block-image size-large\"><img loading=\"lazy\" decoding=\"async\" width=\"1024\" height=\"683\" src=\"https:\/\/www.sport-kaiser.de\/wp-content\/uploads\/2024\/08\/Bikepacking_Exosphere_Sideshot_1_MartinBissing-1024x683.jpg\" alt=\"\" class=\"wp-image-33346\" srcset=\"https:\/\/www.sport-kaiser.de\/wp-content\/uploads\/2024\/08\/Bikepacking_Exosphere_Sideshot_1_MartinBissing-1024x683.jpg 1024w, https:\/\/www.sport-kaiser.de\/wp-content\/uploads\/2024\/08\/Bikepacking_Exosphere_Sideshot_1_MartinBissing-600x400.jpg 600w, https:\/\/www.sport-kaiser.de\/wp-content\/uploads\/2024\/08\/Bikepacking_Exosphere_Sideshot_1_MartinBissing-300x200.jpg 300w, https:\/\/www.sport-kaiser.de\/wp-content\/uploads\/2024\/08\/Bikepacking_Exosphere_Sideshot_1_MartinBissing-768x512.jpg 768w, https:\/\/www.sport-kaiser.de\/wp-content\/uploads\/2024\/08\/Bikepacking_Exosphere_Sideshot_1_MartinBissing-1536x1024.jpg 1536w, https:\/\/www.sport-kaiser.de\/wp-content\/uploads\/2024\/08\/Bikepacking_Exosphere_Sideshot_1_MartinBissing-2048x1366.jpg 2048w, https:\/\/www.sport-kaiser.de\/wp-content\/uploads\/2024\/08\/Bikepacking_Exosphere_Sideshot_1_MartinBissing-18x12.jpg 18w, https:\/\/www.sport-kaiser.de\/wp-content\/uploads\/2024\/08\/Bikepacking_Exosphere_Sideshot_1_MartinBissing-280x187.jpg 280w, https:\/\/www.sport-kaiser.de\/wp-content\/uploads\/2024\/08\/Bikepacking_Exosphere_Sideshot_1_MartinBissing-1290x860.jpg 1290w\" sizes=\"auto, (max-width: 1024px) 100vw, 1024px\" \/><\/figure>\n\n\n\n<h2 class=\"wp-block-heading\" id=\"schlafsack-aus-kunstfaser-oder-daune\">Sacco a pelo in fibra sintetica o in piuma?<\/h2>\n\n\n\n<p>La scelta tra sacchi a pelo in piuma e in fibra sintetica \u00e8 una delle decisioni fondamentali quando si acquista un sacco a pelo. Entrambi i materiali hanno vantaggi e svantaggi, che possono avere effetti diversi in scenari diversi.<\/p>\n\n\n\n<h3 class=\"wp-block-heading\" id=\"daunenschlafsack\">Sacco a pelo in piuma<\/h3>\n\n\n\n<p>I sacchi a pelo in piuma sono noti per il loro eccezionale isolamento termico e la loro leggerezza. Sono la scelta preferita da molti appassionati di outdoor che viaggiano in climi secchi e freddi.<\/p>\n\n\n\n<p><strong>Vantaggi:<\/strong><\/p>\n\n\n\n<ul class=\"wp-block-list\">\n<li><strong>Rapporto calore\/peso<\/strong>Il piumino offre un eccellente rapporto calore\/peso, che lo rende ideale per l'uso in ambienti freddi.<\/li>\n\n\n\n<li><strong>Confezione di dimensioni ridotte<\/strong>I sacchi a pelo in piuma possono essere compressi molto bene e occupano poco spazio nello zaino.<\/li>\n\n\n\n<li><strong>Trasporto dell'umidit\u00e0 di prima classe<\/strong>La piuma d'oca assorbe bene l'umidit\u00e0 e garantisce un sonno asciutto.<\/li>\n\n\n\n<li><strong>Longevit\u00e0<\/strong>Con la giusta cura, un sacco a pelo in piuma pu\u00f2 durare per molti anni.<\/li>\n<\/ul>\n\n\n\n<p><strong>Svantaggi:<\/strong><\/p>\n\n\n\n<ul class=\"wp-block-list\">\n<li><strong>Sensibilit\u00e0 all'umidit\u00e0<\/strong>La piuma perde le sue propriet\u00e0 isolanti quando si bagna e si asciuga lentamente.<\/li>\n\n\n\n<li><strong>Sforzo di manutenzione<\/strong>I sacchi a pelo in piuma richiedono maggiore cura e attenzione nella pulizia e nella conservazione.<\/li>\n\n\n\n<li><strong>Prezzo<\/strong>I sacchi a pelo in piuma sono generalmente pi\u00f9 costosi dei modelli in fibra sintetica.<\/li>\n<\/ul>\n\n\n\n<p><strong>Il nostro consiglio:<\/strong> Indipendentemente dal sacco a pelo che sceglierete, se vi prenderete cura di lui in modo adeguato, vi accompagner\u00e0 in molte escursioni in montagna e nel trekking. Leggete le nostre guide alla manutenzione per scoprire come lavare correttamente il vostro sacco a pelo e cosa dovete tenere presente quando lo imballate e lo riponete.<\/p>\n\n\n\n<h3 class=\"wp-block-heading\" id=\"kunstfaserschlafsack\">Sacco a pelo in fibra sintetica<\/h3>\n\n\n\n<p>I sacchi a pelo in fibra sintetica sono versatili e offrono prestazioni solide in molte situazioni. Sono particolarmente utili in ambienti umidi perch\u00e9 isolano anche quando sono bagnati.<\/p>\n\n\n\n<p><strong>Vantaggi:<\/strong><\/p>\n\n\n\n<ul class=\"wp-block-list\">\n<li><strong>Insensibile all'umidit\u00e0<\/strong>Le fibre sintetiche isolano fino al 70% anche quando sono umide, rendendole ideali per gli ambienti umidi.<\/li>\n\n\n\n<li><strong>Facile da pulire<\/strong>Sono pi\u00f9 facili da pulire e si asciugano pi\u00f9 velocemente dei sacchi a pelo in piuma.<\/li>\n\n\n\n<li><strong>Buon valore<\/strong>Di norma, i sacchi a pelo in fibra sintetica sono pi\u00f9 economici dei loro omologhi in piuma.<\/li>\n\n\n\n<li><strong>Asciugatura rapida<\/strong>Si asciugano molto pi\u00f9 velocemente dei sacchi a pelo in piuma.<\/li>\n<\/ul>\n\n\n\n<p><strong>Svantaggi:<\/strong><\/p>\n\n\n\n<ul class=\"wp-block-list\">\n<li><strong>Peso<\/strong>I sacchi a pelo in fibra sintetica sono pi\u00f9 pesanti di quelli in piuma.<\/li>\n\n\n\n<li><strong>Dimensione della confezione<\/strong>Sono meno comprimibili e occupano pi\u00f9 spazio nello zaino.<\/li>\n\n\n\n<li><strong>Vita utile<\/strong>La durata dei sacchi a pelo in fibra sintetica \u00e8 inferiore a quella della piuma.<\/li>\n<\/ul>\n\n\n\n<h3 class=\"wp-block-heading\" id=\"entscheidungshilfe\">Supporto alle decisioni<\/h3>\n\n\n\n<ul class=\"wp-block-list\">\n<li><strong>Sacchi a pelo in piuma<\/strong> sono pi\u00f9 adatti a condizioni di freddo e asciutto, dove il peso e le dimensioni dello zaino sono fondamentali.<\/li>\n\n\n\n<li><strong>Sacchi a pelo in fibra sintetica<\/strong> sono ideali per condizioni umide e mutevoli, dove la durata e la facilit\u00e0 di manutenzione sono fondamentali.<\/li>\n<\/ul>\n\n\n\n<h2 class=\"wp-block-heading\" id=\"welche-schlafsacke-gibt-es\">Quali sono i sacchi a pelo disponibili?<\/h2>\n\n\n\n<p>Quando si sceglie il sacco a pelo giusto, non sono solo il materiale e la destinazione d'uso a giocare un ruolo importante, ma anche il design e le propriet\u00e0 specifiche che influenzano il comfort e l'efficienza del sonno.<\/p>\n\n\n\n<h3 class=\"wp-block-heading\" id=\"bauarten-von-schlafsacken\">Tipi di sacchi a pelo<\/h3>\n\n\n\n<h4 class=\"wp-block-heading\" id=\"1-mumienform\">1. forma di mummia<\/h4>\n\n\n\n<p><strong>Caratteristiche:<\/strong><\/p>\n\n\n\n<ul class=\"wp-block-list\">\n<li>Vestibilit\u00e0 stretta<\/li>\n\n\n\n<li>Si assottiglia verso i piedi<\/li>\n\n\n\n<li>Cappa integrata<\/li>\n<\/ul>\n\n\n\n<p><strong>Vantaggi:<\/strong><\/p>\n\n\n\n<ul class=\"wp-block-list\">\n<li>Elevata efficienza termica grazie all'accoppiamento stretto<\/li>\n\n\n\n<li>Peso ridotto e dimensioni ridotte<\/li>\n<\/ul>\n\n\n\n<p><strong>Svantaggi:<\/strong><\/p>\n\n\n\n<ul class=\"wp-block-list\">\n<li>Libert\u00e0 di movimento limitata<\/li>\n<\/ul>\n\n\n\n<p><strong>Campo di applicazione:<\/strong> Ideale per le temperature fredde e le escursioni alpine.<\/p>\n\n\n\n<h4 class=\"wp-block-heading\" id=\"2-deckenschlafsacke\">2. coperte sacchi a pelo<\/h4>\n\n\n\n<p><strong>Caratteristiche:<\/strong><\/p>\n\n\n\n<ul class=\"wp-block-list\">\n<li>Forma rettangolare<\/li>\n\n\n\n<li>Spesso pu\u00f2 essere aperto completamente<\/li>\n<\/ul>\n\n\n\n<p><strong>Vantaggi:<\/strong><\/p>\n\n\n\n<ul class=\"wp-block-list\">\n<li>Molta libert\u00e0 di movimento<\/li>\n\n\n\n<li>Pu\u00f2 essere utilizzato come coperta<\/li>\n<\/ul>\n\n\n\n<p><strong>Svantaggi:<\/strong><\/p>\n\n\n\n<ul class=\"wp-block-list\">\n<li>Dimensioni e peso maggiori dello zaino<\/li>\n<\/ul>\n\n\n\n<p><strong>Campo di applicazione:<\/strong> Adatto a climi miti e <a href=\"https:\/\/www.sport-kaiser.de\/lang-lebe-der-outdoor-kocher\/\">Campeggio<\/a>.<\/p>\n\n\n\n<h4 class=\"wp-block-heading\" id=\"3-eiform-oder-hybrid\">3. forma a uovo (o ibrida)<\/h4>\n\n\n\n<p><strong>Caratteristiche:<\/strong><\/p>\n\n\n\n<ul class=\"wp-block-list\">\n<li>Combina le caratteristiche di un sacco a pelo a mummia e di un sacco a pelo a coperta<\/li>\n\n\n\n<li>Taglio pi\u00f9 ampio nella zona delle spalle<\/li>\n<\/ul>\n\n\n\n<p><strong>Vantaggi:<\/strong><\/p>\n\n\n\n<ul class=\"wp-block-list\">\n<li>Fornisce comfort e calore<\/li>\n\n\n\n<li>Buon equilibrio tra libert\u00e0 di movimento e ritenzione del calore<\/li>\n<\/ul>\n\n\n\n<p><strong>Svantaggi:<\/strong><\/p>\n\n\n\n<ul class=\"wp-block-list\">\n<li>Non \u00e8 efficiente come un sacco a pelo a mummia<\/li>\n<\/ul>\n\n\n\n<p><strong>Campo di applicazione:<\/strong> Applicazioni universali, da dolci a fredde.<\/p>\n\n\n\n<h3 class=\"wp-block-heading\" id=\"spezielle-schlafsackmodelle\">Modelli speciali di sacchi a pelo<\/h3>\n\n\n\n<h4 class=\"wp-block-heading\" id=\"1-sommerschlafsacke\">1. sacchi a pelo estivi<\/h4>\n\n\n\n<ul class=\"wp-block-list\">\n<li><strong>Leggero e traspirante<\/strong>Ideale per le temperature calde.<\/li>\n\n\n\n<li><strong>Basso isolamento<\/strong>Perfetto per l'estate o per l'interno.<\/li>\n<\/ul>\n\n\n\n<h4 class=\"wp-block-heading\" id=\"2-winterschlafsacke\">2. sacchi a pelo invernali<\/h4>\n\n\n\n<ul class=\"wp-block-list\">\n<li><strong>Alto isolamento<\/strong>Progettato per il freddo estremo.<\/li>\n\n\n\n<li><strong>Imbottitura pi\u00f9 spessa e caratteristiche aggiuntive<\/strong>Per ridurre al minimo la perdita di calore.<\/li>\n<\/ul>\n\n\n\n<h4 class=\"wp-block-heading\" id=\"3-3-jahreszeiten-schlafsacke\">3. Sacchi a pelo 3 stagioni<\/h4>\n\n\n\n<ul class=\"wp-block-list\">\n<li><strong>Versatilit\u00e0<\/strong>Adatto per la primavera, l'estate e l'autunno.<\/li>\n\n\n\n<li><strong>Equilibrio tra calore e peso<\/strong>Ottimo per le temperature variabili.<\/li>\n<\/ul>\n\n\n\n<h4 class=\"wp-block-heading\" id=\"4-expeditionsschlafsacke\">4. sacchi a pelo da spedizione<\/h4>\n\n\n\n<ul class=\"wp-block-list\">\n<li><strong>Estremamente isolante<\/strong>Da utilizzare in condizioni artiche e durante le spedizioni.<\/li>\n\n\n\n<li><strong>Resistente agli agenti atmosferici<\/strong>Spesso con rivestimenti speciali contro il vento e l'umidit\u00e0.<\/li>\n<\/ul>\n\n\n\n<figure class=\"wp-block-image size-large\"><img loading=\"lazy\" decoding=\"async\" width=\"1024\" height=\"683\" src=\"https:\/\/www.sport-kaiser.de\/wp-content\/uploads\/2024\/08\/SleepingBag_AstroPro800_SideShot_11_Stefan_Schlumpf-1024x683.jpg\" alt=\"Sacco a pelo Deuter in inverno\" class=\"wp-image-33347\" srcset=\"https:\/\/www.sport-kaiser.de\/wp-content\/uploads\/2024\/08\/SleepingBag_AstroPro800_SideShot_11_Stefan_Schlumpf-1024x683.jpg 1024w, https:\/\/www.sport-kaiser.de\/wp-content\/uploads\/2024\/08\/SleepingBag_AstroPro800_SideShot_11_Stefan_Schlumpf-600x400.jpg 600w, https:\/\/www.sport-kaiser.de\/wp-content\/uploads\/2024\/08\/SleepingBag_AstroPro800_SideShot_11_Stefan_Schlumpf-300x200.jpg 300w, https:\/\/www.sport-kaiser.de\/wp-content\/uploads\/2024\/08\/SleepingBag_AstroPro800_SideShot_11_Stefan_Schlumpf-768x512.jpg 768w, https:\/\/www.sport-kaiser.de\/wp-content\/uploads\/2024\/08\/SleepingBag_AstroPro800_SideShot_11_Stefan_Schlumpf-1536x1024.jpg 1536w, https:\/\/www.sport-kaiser.de\/wp-content\/uploads\/2024\/08\/SleepingBag_AstroPro800_SideShot_11_Stefan_Schlumpf-2048x1365.jpg 2048w, https:\/\/www.sport-kaiser.de\/wp-content\/uploads\/2024\/08\/SleepingBag_AstroPro800_SideShot_11_Stefan_Schlumpf-18x12.jpg 18w, https:\/\/www.sport-kaiser.de\/wp-content\/uploads\/2024\/08\/SleepingBag_AstroPro800_SideShot_11_Stefan_Schlumpf-280x187.jpg 280w, https:\/\/www.sport-kaiser.de\/wp-content\/uploads\/2024\/08\/SleepingBag_AstroPro800_SideShot_11_Stefan_Schlumpf-1290x860.jpg 1290w\" sizes=\"auto, (max-width: 1024px) 100vw, 1024px\" \/><\/figure>\n\n\n\n<h3 class=\"wp-block-heading\" id=\"schlafsackgrossen-und-anpassungen\">Dimensioni e regolazioni del sacco a pelo<\/h3>\n\n\n\n<p>Quando si sceglie un sacco a pelo, \u00e8 importante scegliere la taglia giusta per garantire il massimo comfort e la massima efficienza.<\/p>\n\n\n\n<h4 class=\"wp-block-heading\" id=\"1-korpergrosse\">1. dimensioni del corpo<\/h4>\n\n\n\n<ul class=\"wp-block-list\">\n<li><strong>Scegliere la lunghezza giusta<\/strong>Il sacco a pelo dovrebbe essere pi\u00f9 lungo di circa 10-20 cm rispetto alla vostra altezza per consentire la libert\u00e0 di movimento senza perdere calore.<\/li>\n<\/ul>\n\n\n\n<h4 class=\"wp-block-heading\" id=\"2-anpassungsoptionen\">2. opzioni di personalizzazione<\/h4>\n\n\n\n<ul class=\"wp-block-list\">\n<li><strong>Cappe regolabili<\/strong>Forniscono ulteriore protezione e calore alla testa.<\/li>\n\n\n\n<li><strong>Coulisse<\/strong>Per una migliore tenuta del colletto e una minore perdita di calore.<\/li>\n<\/ul>\n\n\n\n<h4 class=\"wp-block-heading\" id=\"3-spezielle-varianten\">3. varianti speciali<\/h4>\n\n\n\n<ul class=\"wp-block-list\">\n<li><strong>Sacchi a pelo da donna<\/strong>Spesso sono tagliati pi\u00f9 stretti e con un isolamento aggiuntivo nella zona dei piedi.<\/li>\n\n\n\n<li><strong>Sacchi a pelo per bambini<\/strong>Pi\u00f9 corti e con design e caratteristiche adatte ai bambini.<\/li>\n<\/ul>\n\n\n\n<h2 class=\"wp-block-heading\" id=\"welche-temperaturen-soll-dein-schlafsack-aushalten\">A quali temperature deve resistere il sacco a pelo?<\/h2>\n\n\n\n<p>Scegliere un sacco a pelo in base all'intervallo di temperatura \u00e8 fondamentale per garantire comfort e sicurezza durante le avventure all'aperto. Le specifiche di temperatura standardizzate secondo la norma europea EN 13537 vi aiuteranno a farlo.<\/p>\n\n\n\n<h3 class=\"wp-block-heading\" id=\"temperaturbereiche-nach-en-13537\">Campi di temperatura secondo EN 13537<\/h3>\n\n\n\n<p><strong>T(COM): Zona di comfort<\/strong><\/p>\n\n\n\n<ul class=\"wp-block-list\">\n<li><strong>Descrizione del<\/strong>Indica il limite inferiore di temperatura a cui una donna media (25 anni, 60 kg, 1,60 m) pu\u00f2 dormire comodamente per tutta la notte.<\/li>\n\n\n\n<li><strong>Applicazione<\/strong>Per utenti inesperti e per tour rilassati.<\/li>\n<\/ul>\n\n\n\n<p><strong>T(LIM): Area di transizione<\/strong><\/p>\n\n\n\n<ul class=\"wp-block-list\">\n<li><strong>Descrizione del<\/strong>Il limite inferiore di temperatura a cui un uomo medio (25 anni, 70 kg, 1,73 m) pu\u00f2 dormire comodamente per tutta la notte.<\/li>\n\n\n\n<li><strong>Applicazione<\/strong>Richiede un adattamento attraverso l'abbigliamento e il comportamento.<\/li>\n<\/ul>\n\n\n\n<p><strong>T(EXT): Area di rischio<\/strong><\/p>\n\n\n\n<ul class=\"wp-block-list\">\n<li><strong>Descrizione del<\/strong>Indica la temperatura estrema inferiore che una donna media pu\u00f2 sopportare per un periodo limitato di 6 ore in condizioni di forte stress da freddo.<\/li>\n\n\n\n<li><strong>Applicazione<\/strong>Rischio di ipotermia; qui il sonno \u00e8 fuori discussione.<\/li>\n<\/ul>\n\n\n\n<figure class=\"wp-block-image size-large\"><img loading=\"lazy\" decoding=\"async\" width=\"1024\" height=\"683\" src=\"https:\/\/www.sport-kaiser.de\/wp-content\/uploads\/2024\/08\/Bikepacking_Exosphere_Sideshot_3_MartinBissing-1024x683.png\" alt=\"\" class=\"wp-image-33333\" srcset=\"https:\/\/www.sport-kaiser.de\/wp-content\/uploads\/2024\/08\/Bikepacking_Exosphere_Sideshot_3_MartinBissing-1024x683.png 1024w, https:\/\/www.sport-kaiser.de\/wp-content\/uploads\/2024\/08\/Bikepacking_Exosphere_Sideshot_3_MartinBissing-600x400.png 600w, https:\/\/www.sport-kaiser.de\/wp-content\/uploads\/2024\/08\/Bikepacking_Exosphere_Sideshot_3_MartinBissing-300x200.png 300w, https:\/\/www.sport-kaiser.de\/wp-content\/uploads\/2024\/08\/Bikepacking_Exosphere_Sideshot_3_MartinBissing-768x512.png 768w, https:\/\/www.sport-kaiser.de\/wp-content\/uploads\/2024\/08\/Bikepacking_Exosphere_Sideshot_3_MartinBissing-1536x1024.png 1536w, https:\/\/www.sport-kaiser.de\/wp-content\/uploads\/2024\/08\/Bikepacking_Exosphere_Sideshot_3_MartinBissing-2048x1366.png 2048w, https:\/\/www.sport-kaiser.de\/wp-content\/uploads\/2024\/08\/Bikepacking_Exosphere_Sideshot_3_MartinBissing-18x12.png 18w, https:\/\/www.sport-kaiser.de\/wp-content\/uploads\/2024\/08\/Bikepacking_Exosphere_Sideshot_3_MartinBissing-280x187.png 280w, https:\/\/www.sport-kaiser.de\/wp-content\/uploads\/2024\/08\/Bikepacking_Exosphere_Sideshot_3_MartinBissing-1290x860.png 1290w\" sizes=\"auto, (max-width: 1024px) 100vw, 1024px\" \/><\/figure>\n\n\n\n<h3 class=\"wp-block-heading\" id=\"weitere-faktoren-die-die-temperaturwahl-beeinflussen\">Altri fattori che influenzano la scelta della temperatura<\/h3>\n\n\n\n<p>Sebbene la norma EN 13537 crei una buona comparabilit\u00e0, vi sono fattori individuali ed esterni che devono essere presi in considerazione:<\/p>\n\n\n\n<ol class=\"wp-block-list\">\n<li><strong>Fattori individuali:<\/strong>\n<ul class=\"wp-block-list\">\n<li><strong>Sensazione di temperatura:<\/strong> Uomini e donne percepiscono le temperature in modo diverso. Anche l'et\u00e0 e il livello di forma fisica giocano un ruolo importante.<\/li>\n\n\n\n<li><strong>Condizioni fisiche:<\/strong> La stanchezza, l'esaurimento e l'alimentazione influenzano la produzione di calore dell'organismo.<\/li>\n<\/ul>\n<\/li>\n\n\n\n<li><strong>Circostanze esterne:<\/strong>\n<ul class=\"wp-block-list\">\n<li><strong>Cuscino per dormire:<\/strong> Un buon isolamento del pavimento migliora notevolmente le prestazioni termiche del sacco a pelo.<\/li>\n\n\n\n<li><strong>Abbigliamento:<\/strong> La biancheria intima funzionale e gli strati in grado di rilasciare l'umidit\u00e0 sono fondamentali.<\/li>\n\n\n\n<li><strong>Condizioni meteorologiche:<\/strong> Il vento e l'umidit\u00e0 possono accelerare la perdita di calore.<\/li>\n<\/ul>\n<\/li>\n<\/ol>\n\n\n\n<h3 class=\"wp-block-heading\" id=\"wie-wir-testen\">Come testiamo<\/h3>\n\n\n\n<p>I produttori utilizzano metodi di test standardizzati per garantire l'affidabilit\u00e0 delle specifiche di temperatura dei sacchi a pelo:<\/p>\n\n\n\n<ul class=\"wp-block-list\">\n<li><strong>ambiente di prova:<\/strong> Il sacco a pelo viene testato in una camera climatica in cui viene collocato un manichino termico.<\/li>\n\n\n\n<li><strong>Sensori:<\/strong> Misurare la differenza di temperatura tra la superficie interna ed esterna del sacco a pelo.<\/li>\n\n\n\n<li><strong>Valutazione:<\/strong> I dati vengono utilizzati per calcolare gli intervalli di temperatura corrispondenti.<\/li>\n<\/ul>\n\n\n\n<h2 class=\"wp-block-heading\" id=\"nach-dem-schlafsack-kauf-tipps-fur-eine-erholsame-nacht\">Dopo l'acquisto di un sacco a pelo: consigli per un buon riposo notturno<\/h2>\n\n\n\n<p>Il sacco a pelo giusto \u00e8 fondamentale, ma anche l'ambiente circostante gioca un ruolo importante per trascorrere una notte riposante all'aperto.<\/p>\n\n\n\n<h3 class=\"wp-block-heading\" id=\"isomatte-die-richtige-unterlage-wahlen\">Tappeto isolante: scegliere la base giusta<\/h3>\n\n\n\n<p>Un materassino per dormire \u00e8 essenziale per isolare il corpo dal terreno freddo. Impedisce la perdita di calore attraverso il miglior sacco a pelo e fornisce un ulteriore comfort.<\/p>\n\n\n\n<ul class=\"wp-block-list\">\n<li><strong>Tappeti autogonfianti:<\/strong> Offrono un buon isolamento e comfort.<\/li>\n\n\n\n<li><strong>Tappetini in schiuma:<\/strong> Leggero e resistente, ideale per le condizioni pi\u00f9 difficili.<\/li>\n<\/ul>\n\n\n\n<h3 class=\"wp-block-heading\" id=\"windschutz-standortwahl-und-schutzmassnahmen\">Protezione dal vento: selezione del sito e misure di protezione<\/h3>\n\n\n\n<p>Il vento pu\u00f2 raffreddare il corpo, quindi \u00e8 importante scegliere un luogo in cui dormire al riparo dal vento o adottare misure di protezione adeguate:<\/p>\n\n\n\n<ul class=\"wp-block-list\">\n<li><strong>Tenda o sacco da bivacco:<\/strong> Offre protezione dal vento e dalle intemperie.<\/li>\n\n\n\n<li><strong>Barriere naturali:<\/strong> Utilizzate rocce o alberi come frangivento.<\/li>\n<\/ul>\n\n\n\n<h3 class=\"wp-block-heading\" id=\"funktionswasche-effektive-schichten-tragen\">Intimo funzionale: indossare strati efficaci<\/h3>\n\n\n\n<p>Indossare biancheria intima funzionale per massimizzare il calore del sacco a pelo. Trasporta l'umidit\u00e0 all'esterno e mantiene il corpo asciutto.<\/p>\n\n\n\n<ul class=\"wp-block-list\">\n<li><strong>Biancheria intima lunga e calda:<\/strong> Aumenta lo strato isolante.<\/li>\n\n\n\n<li><strong>Calzini:<\/strong> I calzini asciutti nel sacco a pelo mantengono i piedi caldi.<\/li>\n<\/ul>\n\n\n\n<h3 class=\"wp-block-heading\" id=\"mutze-kopf-und-gesicht-schutzen\">Cappello: protegge la testa e il viso<\/h3>\n\n\n\n<p>Poich\u00e9 la testa \u00e8 spesso scoperta nel sacco a pelo, un cappello o un passamontagna \u00e8 una protezione efficace contro il freddo. Impedisce la perdita di calore attraverso la testa.<\/p>\n\n\n\n<h3 class=\"wp-block-heading\" id=\"ernahrung-und-flussigkeitszufuhr\">Alimentazione e assunzione di liquidi<\/h3>\n\n\n\n<p>Un'alimentazione e un'idratazione adeguate sono essenziali per mantenere la temperatura corporea:<\/p>\n\n\n\n<ul class=\"wp-block-list\">\n<li><strong>Mangiare a sufficienza:<\/strong> Un pasto equilibrato prima di andare a letto favorisce la produzione di calore.<\/li>\n\n\n\n<li><strong>Bevete molto:<\/strong> Una buona idratazione migliora l'equilibrio termico.<\/li>\n<\/ul>\n\n\n\n<h3 class=\"wp-block-heading\" id=\"alkohol-vermeiden\">Evitare l'alcol<\/h3>\n\n\n\n<p>Evitare il consumo eccessivo di alcolici, poich\u00e9 generano calore a breve termine, ma a lungo termine portano a un raffreddamento pi\u00f9 rapido.<\/p>\n\n\n\n<h3 class=\"wp-block-heading\" id=\"sachen-trocken-halten\">Mantenere le cose asciutte<\/h3>\n\n\n\n<p>Gli indumenti e i sacchi a pelo umidi perdono le loro propriet\u00e0 isolanti. Assicuratevi che tutto rimanga asciutto:<\/p>\n\n\n\n<ul class=\"wp-block-list\">\n<li><strong>Borse impermeabili:<\/strong> Proteggere gli indumenti di ricambio e il sacco a pelo.<\/li>\n\n\n\n<li><strong>Ventilare:<\/strong> Asciugare regolarmente il sacco a pelo all'aria aperta.<\/li>\n<\/ul>\n\n\n\n<h2 class=\"wp-block-heading\" id=\"schlussfolgerung\">Conclusione<\/h2>\n\n\n\n<p>La scelta del sacco a pelo giusto \u00e8 una decisione cruciale per qualsiasi avventura all'aperto. La scelta di un sacco a pelo in piuma o in fibra sintetica dipende da molti fattori, come il clima, l'attivit\u00e0, le esigenze di spazio e le preferenze personali.<\/p>\n\n\n\n<ul class=\"wp-block-list\">\n<li><strong>Sacchi a pelo in piuma<\/strong> offrono un isolamento eccezionale e un peso ridotto, ma sono sensibili all'umidit\u00e0.<\/li>\n\n\n\n<li><strong>Sacchi a pelo in fibra sintetica<\/strong> sono versatili e insensibili all'umidit\u00e0, ma possono essere pi\u00f9 pesanti e ingombranti.<\/li>\n<\/ul>\n\n\n\n<p>Tenete conto delle escursioni termiche e dei fattori individuali che influenzano il vostro fabbisogno di calore. Utilizzate i nostri consigli per una notte riposante e per rendere la vostra esperienza all'aperto ancora pi\u00f9 piacevole.<\/p>\n\n\n\n<p>Non importa dove il vostro <a href=\"https:\/\/www.instagram.com\/sportkaiserprien\/\" target=\"_blank\" rel=\"noopener\">Viaggio<\/a> Con il sacco a pelo giusto, siete perfettamente attrezzati per godervi appieno la natura. Preparatevi a notti indimenticabili sotto le stelle e alla confortante sensazione di essere al caldo e al riparo.<\/p>","protected":false},"excerpt":{"rendered":"<p>Dormire a cielo aperto e vedere le stelle la sera: sembra un'avventura da sogno. Ma il tempo pu\u00f2 diventare rapidamente fastidioso, e allora tutto dipende dal giusto<\/p>","protected":false},"author":170813083,"featured_media":33334,"comment_status":"open","ping_status":"closed","sticky":false,"template":"","format":"standard","meta":{"_price":"","_stock":"","_tribe_ticket_header":"","_tribe_default_ticket_provider":"","_tribe_ticket_capacity":"0","_ticket_start_date":"","_ticket_end_date":"","_tribe_ticket_show_description":"","_tribe_ticket_show_not_going":false,"_tribe_ticket_use_global_stock":"","_tribe_ticket_global_stock_level":"","_global_stock_mode":"","_global_stock_cap":"","_tribe_rsvp_for_event":"","_tribe_ticket_going_count":"","_tribe_ticket_not_going_count":"","_tribe_tickets_list":"[]","_tribe_ticket_has_attendee_info_fields":false,"footnotes":""},"categories":[2710,3073,2872],"tags":[3083,3084,3088,3082,3085,3081,3089,3086,3087],"class_list":["post-33343","post","type-post","status-publish","format-standard","has-post-thumbnail","hentry","category-allgemein","category-outdoor","category-wandern","tag-campen","tag-camping","tag-campingplatz","tag-campne","tag-deuter","tag-schlafsack","tag-schlafsaecke","tag-zelt","tag-zelten"],"_links":{"self":[{"href":"https:\/\/www.sport-kaiser.de\/it\/wp-json\/wp\/v2\/posts\/33343","targetHints":{"allow":["GET"]}}],"collection":[{"href":"https:\/\/www.sport-kaiser.de\/it\/wp-json\/wp\/v2\/posts"}],"about":[{"href":"https:\/\/www.sport-kaiser.de\/it\/wp-json\/wp\/v2\/types\/post"}],"author":[{"embeddable":true,"href":"https:\/\/www.sport-kaiser.de\/it\/wp-json\/wp\/v2\/users\/170813083"}],"replies":[{"embeddable":true,"href":"https:\/\/www.sport-kaiser.de\/it\/wp-json\/wp\/v2\/comments?post=33343"}],"version-history":[{"count":6,"href":"https:\/\/www.sport-kaiser.de\/it\/wp-json\/wp\/v2\/posts\/33343\/revisions"}],"predecessor-version":[{"id":33357,"href":"https:\/\/www.sport-kaiser.de\/it\/wp-json\/wp\/v2\/posts\/33343\/revisions\/33357"}],"wp:featuredmedia":[{"embeddable":true,"href":"https:\/\/www.sport-kaiser.de\/it\/wp-json\/wp\/v2\/media\/33334"}],"wp:attachment":[{"href":"https:\/\/www.sport-kaiser.de\/it\/wp-json\/wp\/v2\/media?parent=33343"}],"wp:term":[{"taxonomy":"category","embeddable":true,"href":"https:\/\/www.sport-kaiser.de\/it\/wp-json\/wp\/v2\/categories?post=33343"},{"taxonomy":"post_tag","embeddable":true,"href":"https:\/\/www.sport-kaiser.de\/it\/wp-json\/wp\/v2\/tags?post=33343"}],"curies":[{"name":"wp","href":"https:\/\/api.w.org\/{rel}","templated":true}]}}