{"id":35051,"date":"2025-03-23T15:47:22","date_gmt":"2025-03-23T13:47:22","guid":{"rendered":"https:\/\/www.sport-kaiser.de\/?p=35051"},"modified":"2025-03-23T15:47:26","modified_gmt":"2025-03-23T13:47:26","slug":"fruehling-in-den-bergen-wanderschuhe-und-co","status":"publish","type":"post","link":"https:\/\/www.sport-kaiser.de\/fr\/fruehling-in-den-bergen-wanderschuhe-und-co\/","title":{"rendered":"Fr\u00fchling in den Bergen \u2013 wenn Wanderschuhe auf Schneefelder treffen"},"content":{"rendered":"<p>Mit dem Fr\u00fchling beginnt f\u00fcr viele Outdoor-Begeisterte endlich wieder die sch\u00f6nste Zeit des Jahres: Raus in die Natur, rauf auf die Berge, rein ins Abenteuer. Doch der \u00dcbergang vom Winter zur warmen Jahreszeit bringt besondere Herausforderungen mit sich \u2013 vor allem in alpinem Gel\u00e4nde. Denn: W\u00e4hrend unten schon die ersten Blumen bl\u00fchen, wartet oben oft noch vereinzelt Schnee, Eis und K\u00e4lte.<\/p>\n\n\n\n<p>In diesem Beitrag erf\u00e4hrst du, <strong>worauf du beim Wandern und Klettern im Fr\u00fchjahr 2025 achten solltest<\/strong> \u2013 von der richtigen Bekleidung \u00fcber die Tourenplanung bis zu typischen Gefahren in h\u00f6heren Lagen. Ideal f\u00fcr alle, die sich sicher und gut vorbereitet in die Saison starten wollen.<\/p>\n\n\n\n<div class=\"wp-block-rank-math-toc-block\" id=\"rank-math-toc\"><h2>Table des mati\u00e8res<\/h2><nav><ol><li><a href=\"#\ud83c\udf3c-start-in-den-fruhling-2025\">\ud83c\udf3c Start in den Fr\u00fchling 2025<\/a><\/li><li><a href=\"#\ud83e\udd7e-wandern-und-klettern-zum-jahresbeginn\">\ud83e\udd7e Wandern und Klettern zum Jahresbeginn<\/a><\/li><li><a href=\"#\ud83e\udde5-bekleidung-welche-temperaturen-muss-sie-abdecken\">\ud83e\udde5 Bekleidung \u2013 welche Temperaturen muss sie abdecken?<\/a><\/li><li><a href=\"#\u2753-oft-unklar-was-packt-man-uberhaupt-ein\">\u2753 Oft unklar: Was packt man \u00fcberhaupt ein?<\/a><\/li><li><a href=\"#\ud83c\udfd4-bergwandern-im-fruhjahr-je-hoher-desto-mehr-schnee\">\ud83c\udfd4 Bergwandern im Fr\u00fchjahr \u2013 je h\u00f6her, desto mehr Schnee<\/a><\/li><li><a href=\"#\u2744\ufe0f-schnee-eisflachen-gefahr-und-planung\">\u2744\ufe0f Schnee &amp; Eisfl\u00e4chen: Gefahr und Planung<\/a><\/li><li><a href=\"#\ud83e\uddf4-sonnenschutz-lichtspiegelung-oft-unterschatzt\">\ud83e\uddf4 Sonnenschutz &amp; Lichtspiegelung \u2013 oft untersch\u00e4tzt<\/a><\/li><li><a href=\"#\ud83d\udc55-wechselkleidung-klein-im-gewicht-gross-im-nutzen\">\ud83d\udc55 Wechselkleidung \u2013 klein im Gewicht, gro\u00df im Nutzen<\/a><\/li><li><a href=\"#fazit-fruhling-flexibilitat-vorbereitung-und-achtsamkeit\">Fazit: Fr\u00fchling = Flexibilit\u00e4t, Vorbereitung und Achtsamkeit<\/a><\/li><\/ol><\/nav><\/div>\n\n\n\n<hr class=\"wp-block-separator has-alpha-channel-opacity\"\/>\n\n\n\n<h2 class=\"wp-block-heading\" id=\"\ud83c\udf3c-start-in-den-fruhling-2025\">\ud83c\udf3c Start in den Fr\u00fchling 2025<\/h2>\n\n\n\n<p>Der Fr\u00fchling beginnt oft mild, aber tr\u00fcgerisch: W\u00e4hrend die Sonne im Tal schon kr\u00e4ftig w\u00e4rmt, bleibt es in h\u00f6heren Lagen k\u00fchl \u2013 und in der Nacht sogar frostig. Die <strong>Temperaturschwankungen zwischen Morgen und Nachmittag<\/strong> k\u00f6nnen 15 \u00b0C oder mehr betragen.<\/p>\n\n\n\n<p>Gleichzeitig <strong>zieht sich der Schnee langsam aus den Tallagen zur\u00fcck<\/strong>, und viele Wanderwege werden wieder begehbar. Die wachsende Natur, erste Blumen und l\u00e4ngere Tage laden zu Bewegung an der frischen Luft ein.<\/p>\n\n\n\n<p><strong>Wandern, Laufen, Klettern und Radfahren<\/strong> starten in die neue Saison \u2013 viele Menschen entdecken in dieser Zeit neue Routen, setzen sich sportliche Ziele oder wollen nach dem Winter einfach wieder drau\u00dfen aktiv werden. Doch bevor es losgeht, sollte man die <strong>Ausr\u00fcstung pr\u00fcfen<\/strong>: Schuhe, Jacke, Rucksack, ggf. Steigeisen \u2013 alles nochmal durchsehen.<\/p>\n\n\n\n<p>Nicht vergessen: In den h\u00f6heren Bergen ist der Winter noch pr\u00e4sent \u2013 hier bleibt es eine Weile eine <strong>\u201eMischsaison\u201c<\/strong>. Wer mag, kann sogar noch Tourenski einpacken. Gleichzeitig ist das Fr\u00fchjahr ideal f\u00fcr <strong>leichtere Wanderungen und erste Klettersteige<\/strong> \u2013 vor allem in s\u00fcdseitigen Regionen oder tiefer gelegenen T\u00e4lern.<\/p>\n\n\n\n<hr class=\"wp-block-separator has-alpha-channel-opacity\"\/>\n\n\n\n<h2 class=\"wp-block-heading\" id=\"\ud83e\udd7e-wandern-und-klettern-zum-jahresbeginn\">\ud83e\udd7e Wandern und Klettern zum Jahresbeginn<\/h2>\n\n\n\n<p>Der Fr\u00fchling ist perfekt f\u00fcr einen sanften Start. Die <strong>Kondition nach dem Winter<\/strong> ist bei vielen noch im Aufbau \u2013 da sind <strong>moderate Wanderungen<\/strong> ideal.<\/p>\n\n\n\n<p>Gerade im Fr\u00fchling sind viele Wege noch <strong><a href=\"https:\/\/www.sport-kaiser.de\/fehler-beim-kauf-von-bergschuhen\/\" data-type=\"link\" data-id=\"https:\/\/www.sport-kaiser.de\/fehler-beim-kauf-von-bergschuhen\/\">feucht, weich oder rutschig<\/a><\/strong> \u2013 Trittsicherheit ist Pflicht. Schmelzwasser, Matsch und vereinzelt liegende Schneefelder machen den Untergrund unberechenbar.<\/p>\n\n\n\n<p>F\u00fcr Kletterfans: <strong>S\u00fcdseitige Klettergebiete<\/strong> trocknen bei Sonne schnell ab und sind fr\u00fcher begehbar als viele denken. Besonders beliebt im Fr\u00fchjahr sind Touren rund um den <strong>Chiemgau, das Inntal, die Berchtesgadener Alpen oder den Tegernsee<\/strong>.<\/p>\n\n\n\n<p>Wichtig: <strong>Fr\u00fch losgehen<\/strong> \u2013 vormittags sind die Wege meist besser zu gehen, nachmittags wird\u2019s oft feucht oder neblig. Und: Die erste Tour der Saison sollte nie \u00fcbersch\u00e4tzt werden. Besser sanft starten und die Form langsam aufbauen.<\/p>\n\n\n\n<hr class=\"wp-block-separator has-alpha-channel-opacity\"\/>\n\n\n\n<h2 class=\"wp-block-heading\" id=\"\ud83e\udde5-bekleidung-welche-temperaturen-muss-sie-abdecken\">\ud83e\udde5 Bekleidung \u2013 welche Temperaturen muss sie abdecken?<\/h2>\n\n\n\n<p>Die gr\u00f6\u00dfte Herausforderung beim Wandern im Fr\u00fchling ist die <strong>richtige Bekleidung<\/strong>. Morgens kann es nahe am Gefrierpunkt sein, w\u00e4hrend es mittags \u2013 je nach H\u00f6he \u2013 schon 15 bis 20\u202f\u00b0C erreicht. Ab ca. 1500\u202fm bleibt es meist deutlich k\u00fchler.<\/p>\n\n\n\n<p>Unser Tipp: <strong>Principe de l'oignon<\/strong>. Die Kleidung wird in Schichten aufgebaut \u2013 so kann man flexibel auf Wetter und Anstrengung reagieren:<\/p>\n\n\n\n<ul class=\"wp-block-list\">\n<li><strong>Base Layer<\/strong>: Funktionsunterw\u00e4sche, die Feuchtigkeit vom K\u00f6rper wegtransportiert<\/li>\n\n\n\n<li><strong>Midlayer<\/strong>: Fleece oder d\u00fcnner Pulli als w\u00e4rmende Schicht<\/li>\n\n\n\n<li><strong>Au\u00dfenschicht<\/strong>: Leichte Jacke (Softshell oder Hardshell), die Wind und leichten Regen abh\u00e4lt<\/li>\n\n\n\n<li>F\u00fcr den Gipfel oder windige Passagen: d\u00fcnne M\u00fctze, Handschuhe und ggf. eine w\u00e4rmende Weste<\/li>\n<\/ul>\n\n\n\n<p>Ein trockenes Shirt f\u00fcr danach geh\u00f6rt ebenfalls in den Rucksack \u2013 damit man in der Pause nicht ausk\u00fchlt.<\/p>\n\n\n\n<hr class=\"wp-block-separator has-alpha-channel-opacity\"\/>\n\n\n\n<h2 class=\"wp-block-heading\" id=\"\u2753-oft-unklar-was-packt-man-uberhaupt-ein\">\u2753 Oft unklar: Was packt man \u00fcberhaupt ein?<\/h2>\n\n\n\n<p>Gerade im Fr\u00fchjahr ist <strong><a href=\"https:\/\/www.sport-kaiser.de\/das-richtige-schuhwerk-bekleidung-beim-wandern-in-den-bergen\/\" data-type=\"link\" data-id=\"https:\/\/www.sport-kaiser.de\/das-richtige-schuhwerk-bekleidung-beim-wandern-in-den-bergen\/\">Packen eine kleine Wissenschaft<\/a><\/strong>. Zu viel ist unpraktisch, zu wenig riskant. Deshalb hier ein paar Basics, die auf keiner Fr\u00fchlingstour fehlen sollten:<\/p>\n\n\n\n<ul class=\"wp-block-list\">\n<li>Leichte Wind- oder Regenjacke (fast immer n\u00f6tig)<\/li>\n\n\n\n<li>Handschuhe und M\u00fctze \u2013 auch wenn\u2019s unten warm ist<\/li>\n\n\n\n<li>Ersatzshirt f\u00fcr nach dem Aufstieg<\/li>\n\n\n\n<li>Sonnenbrille, Sonnencreme und M\u00fctze gegen UV-Strahlung<\/li>\n\n\n\n<li>Erste-Hilfe-Set &amp; Notfallfolie bei alpinen Touren<\/li>\n\n\n\n<li>Bei Klettersteigen: Helm, Gurt, Klettersteigset<\/li>\n\n\n\n<li>Leichte Snacks und ausreichend Wasser<\/li>\n\n\n\n<li>Karte, GPS oder Offline-Navigation<\/li>\n\n\n\n<li>Tour individuell anpassen \u2013 je nach Erfahrung, Route und Wetterlage<\/li>\n<\/ul>\n\n\n\n<hr class=\"wp-block-separator has-alpha-channel-opacity\"\/>\n\n\n\n<h2 class=\"wp-block-heading\" id=\"\ud83c\udfd4-bergwandern-im-fruhjahr-je-hoher-desto-mehr-schnee\">\ud83c\udfd4 Bergwandern im Fr\u00fchjahr \u2013 je h\u00f6her, desto mehr Schnee<\/h2>\n\n\n\n<p>Eine typische Herausforderung im Fr\u00fchjahr: <strong>Der \u00dcbergang von Fr\u00fchling zu Winter, je h\u00f6her man steigt.<\/strong> Ab ca. 1200\u20131500\u202fm kann noch <strong>Altschnee liegen<\/strong>, besonders auf Nordseiten oder in Rinnen.<\/p>\n\n\n\n<ul class=\"wp-block-list\">\n<li>Wege sind oft <strong>matschig, rutschig oder von Schneefeldern bedeckt<\/strong><\/li>\n\n\n\n<li>Trittsicherheit auf Altschnee ist enorm wichtig \u2013 St\u00fcrze k\u00f6nnen gef\u00e4hrlich sein<\/li>\n\n\n\n<li><strong>Gamaschen oder wasserdichte Schuhe<\/strong> verhindern nasse F\u00fc\u00dfe<\/li>\n\n\n\n<li><strong>Wanderst\u00f6cke<\/strong> geben zus\u00e4tzliche Stabilit\u00e4t in rutschigem Gel\u00e4nde<\/li>\n\n\n\n<li>Lawinenreste k\u00f6nnen vereinzelt noch gef\u00e4hrlich sein \u2013 Infos vorab einholen<\/li>\n\n\n\n<li>Wege \u00fcber 1800\u20132000\u202fm sind meist erst ab Juni schneefrei<\/li>\n\n\n\n<li>S\u00fcdseitige Routen sind fr\u00fcher begehbar \u2013 gut f\u00fcr Fr\u00fchlingstouren geeignet<\/li>\n\n\n\n<li>Lokale Bedingungen am besten beim Alpenverein, H\u00fctten oder Bergschulen erfragen<\/li>\n<\/ul>\n\n\n\n<hr class=\"wp-block-separator has-alpha-channel-opacity\"\/>\n\n\n\n<h2 class=\"wp-block-heading\" id=\"\u2744\ufe0f-schnee-eisflachen-gefahr-und-planung\">\u2744\ufe0f Schnee &amp; Eisfl\u00e4chen: Gefahr und Planung<\/h2>\n\n\n\n<p>Nicht selten st\u00f6\u00dft man im Fr\u00fchjahr auf <strong>vereiste Stellen oder hart gefrorene Schneefl\u00e4chen<\/strong>, besonders in der Fr\u00fch. Diese Stellen sind rutschig und oft schwer einzusch\u00e4tzen.<\/p>\n\n\n\n<ul class=\"wp-block-list\">\n<li>Morgens ist Schnee oft <strong>hart und glatt<\/strong>, mittags sulzig und schwer<\/li>\n\n\n\n<li>Besonders gef\u00e4hrlich: <strong>Schneefelder auf schmalen Graten oder Steigen<\/strong><\/li>\n\n\n\n<li>In steileren Lagen sind <strong>Gr\u00f6del oder Leichtsteigeisen<\/strong> empfehlenswert<\/li>\n\n\n\n<li>Unsicher? Lieber umkehren \u2013 Sicherheit geht vor<\/li>\n\n\n\n<li>Vorab auf <strong>Webcams oder Wetterdienste<\/strong> schauen<\/li>\n\n\n\n<li>GPS und Offline-Karten helfen bei verschneiten Wegmarkierungen<\/li>\n\n\n\n<li>Achtung bei <strong>Schneebr\u00fccken \u00fcber B\u00e4che<\/strong> \u2013 oft nicht tragf\u00e4hig<\/li>\n\n\n\n<li>Ein Ausrutscher auf hartem Firn kann weit f\u00fchren \u2013 also vorausschauend gehen<\/li>\n<\/ul>\n\n\n\n<hr class=\"wp-block-separator has-alpha-channel-opacity\"\/>\n\n\n\n<h2 class=\"wp-block-heading\" id=\"\ud83e\uddf4-sonnenschutz-lichtspiegelung-oft-unterschatzt\">\ud83e\uddf4 Sonnenschutz &amp; Lichtspiegelung \u2013 oft untersch\u00e4tzt<\/h2>\n\n\n\n<p>Die Fr\u00fchjahrssonne ist t\u00fcckisch. Gerade in H\u00f6henlagen ist die <strong><a href=\"https:\/\/www.instagram.com\/p\/DB_pv9jt9VJ\/?img_index=1\" data-type=\"link\" data-id=\"https:\/\/www.instagram.com\/p\/DB_pv9jt9VJ\/?img_index=1\" target=\"_blank\" rel=\"noopener\">UV-Strahlung intensiver<\/a><\/strong>, und <strong>Schnee reflektiert<\/strong> sie zus\u00e4tzlich.<\/p>\n\n\n\n<ul class=\"wp-block-list\">\n<li>Immer Sonnencreme mit hohem LSF (30+) verwenden<\/li>\n\n\n\n<li>Auch Lippen, Ohren und Nase eincremen<\/li>\n\n\n\n<li>Sonnenbrille mit guter Filterkategorie \u2013 sch\u00fctzt die Augen und verbessert Sicht<\/li>\n\n\n\n<li>Schnee, Wasser und Felsen reflektieren Licht \u2013 Blendung kann zur Gefahr werden<\/li>\n\n\n\n<li>Gletscherbrillen oder Sportbrillen mit Seitenschutz sind in H\u00f6henlagen ideal<\/li>\n\n\n\n<li>Auch bei Wolken ist UV-Schutz n\u00f6tig<\/li>\n\n\n\n<li>Eine leichte M\u00fctze sch\u00fctzt zus\u00e4tzlich vor Hitze und Sonnenbrand<\/li>\n\n\n\n<li>Guter Sonnenschutz = bessere Konzentration &amp; weniger Erm\u00fcdung<\/li>\n<\/ul>\n\n\n\n<hr class=\"wp-block-separator has-alpha-channel-opacity\"\/>\n\n\n\n<h2 class=\"wp-block-heading\" id=\"\ud83d\udc55-wechselkleidung-klein-im-gewicht-gross-im-nutzen\">\ud83d\udc55 Wechselkleidung \u2013 klein im Gewicht, gro\u00df im Nutzen<\/h2>\n\n\n\n<p>Wechselkleidung wird oft untersch\u00e4tzt \u2013 aber sie entscheidet dar\u00fcber, ob man nach der Tour <strong><a href=\"https:\/\/www.sport-kaiser.de\/die-beste-sportbekleidung-fuer-den-uebergang-von-sommer-in-den-herbst\/\" data-type=\"link\" data-id=\"https:\/\/www.sport-kaiser.de\/die-beste-sportbekleidung-fuer-den-uebergang-von-sommer-in-den-herbst\/\">ausgek\u00fchlt oder wohlf\u00fchlend<\/a><\/strong> zur\u00fcckkommt.<\/p>\n\n\n\n<ul class=\"wp-block-list\">\n<li>Ein trockenes Shirt nach dem Aufstieg hilft gegen Ausk\u00fchlung<\/li>\n\n\n\n<li>Bei nassem Untergrund: Ersatzsocken<\/li>\n\n\n\n<li>Je nach Tour: leichte Ersatzhose<\/li>\n\n\n\n<li>Auch bei Tagestouren sinnvoll \u2013 f\u00fcr pl\u00f6tzlichen Wetterwechsel<\/li>\n\n\n\n<li>Auf H\u00fcttentouren Pflicht: Wechselw\u00e4sche f\u00fcr den Abend<\/li>\n\n\n\n<li>Kleidung leicht &amp; kompakt w\u00e4hlen \u2013 aber nicht weglassen<\/li>\n\n\n\n<li>Wer trocken bleibt, regeneriert schneller und bleibt leistungsf\u00e4higer<\/li>\n\n\n\n<li><a href=\"https:\/\/www.instagram.com\/p\/DB3hoHBImsj\/?img_index=1\" data-type=\"link\" data-id=\"https:\/\/www.instagram.com\/p\/DB3hoHBImsj\/?img_index=1\" target=\"_blank\" rel=\"noopener\">Wechselkleidung<\/a> geh\u00f6rt zur Sicherheitsausr\u00fcstung \u2013 genau wie Karte oder Wasser<\/li>\n<\/ul>\n\n\n\n<hr class=\"wp-block-separator has-alpha-channel-opacity\"\/>\n\n\n\n<h2 class=\"wp-block-heading\" id=\"fazit-fruhling-flexibilitat-vorbereitung-und-achtsamkeit\">Fazit: Fr\u00fchling = Flexibilit\u00e4t, Vorbereitung und Achtsamkeit<\/h2>\n\n\n\n<p>Der Fr\u00fchling bringt frische Energie \u2013 aber auch einige Unw\u00e4gbarkeiten. Wer im M\u00e4rz, April oder Mai in die Berge startet, sollte sich bewusst sein: Es ist nicht mehr Winter, aber auch noch kein stabiler Sommer. Der Schl\u00fcssel liegt in <strong>guter Vorbereitung, dem richtigen Equipment und der Bereitschaft, spontan umzudisponieren.<\/strong><\/p>\n\n\n\n<p>Wir bei <strong>Sport Kaiser<\/strong> helfen euch gerne dabei, eure Ausr\u00fcstung fr\u00fchjahrsfit zu machen \u2013 vom passenden Wanderschuh bis zur idealen Jacke. Kommt vorbei, lasst euch beraten \u2013 und startet sicher, leicht und gut ausger\u00fcstet in die neue Saison.<\/p>","protected":false},"excerpt":{"rendered":"<p>Mit dem Fr\u00fchling beginnt f\u00fcr viele Outdoor-Begeisterte endlich wieder die sch\u00f6nste Zeit des Jahres: Raus in die Natur, rauf auf die Berge, rein ins Abenteuer. Doch der \u00dcbergang vom Winter<\/p>","protected":false},"author":170813083,"featured_media":35055,"comment_status":"open","ping_status":"closed","sticky":false,"template":"","format":"standard","meta":{"_price":"","_stock":"","_tribe_ticket_header":"","_tribe_default_ticket_provider":"","_tribe_ticket_capacity":"0","_ticket_start_date":"","_ticket_end_date":"","_tribe_ticket_show_description":"","_tribe_ticket_show_not_going":false,"_tribe_ticket_use_global_stock":"","_tribe_ticket_global_stock_level":"","_global_stock_mode":"","_global_stock_cap":"","_tribe_rsvp_for_event":"","_tribe_ticket_going_count":"","_tribe_ticket_not_going_count":"","_tribe_tickets_list":"[]","_tribe_ticket_has_attendee_info_fields":false,"footnotes":""},"categories":[2710,2878,3073,2872,2889],"tags":[2934],"class_list":["post-35051","post","type-post","status-publish","format-standard","has-post-thumbnail","hentry","category-allgemein","category-klettern","category-outdoor","category-wandern","category-winter","tag-wandern"],"_links":{"self":[{"href":"https:\/\/www.sport-kaiser.de\/fr\/wp-json\/wp\/v2\/posts\/35051","targetHints":{"allow":["GET"]}}],"collection":[{"href":"https:\/\/www.sport-kaiser.de\/fr\/wp-json\/wp\/v2\/posts"}],"about":[{"href":"https:\/\/www.sport-kaiser.de\/fr\/wp-json\/wp\/v2\/types\/post"}],"author":[{"embeddable":true,"href":"https:\/\/www.sport-kaiser.de\/fr\/wp-json\/wp\/v2\/users\/170813083"}],"replies":[{"embeddable":true,"href":"https:\/\/www.sport-kaiser.de\/fr\/wp-json\/wp\/v2\/comments?post=35051"}],"version-history":[{"count":1,"href":"https:\/\/www.sport-kaiser.de\/fr\/wp-json\/wp\/v2\/posts\/35051\/revisions"}],"predecessor-version":[{"id":35054,"href":"https:\/\/www.sport-kaiser.de\/fr\/wp-json\/wp\/v2\/posts\/35051\/revisions\/35054"}],"wp:featuredmedia":[{"embeddable":true,"href":"https:\/\/www.sport-kaiser.de\/fr\/wp-json\/wp\/v2\/media\/35055"}],"wp:attachment":[{"href":"https:\/\/www.sport-kaiser.de\/fr\/wp-json\/wp\/v2\/media?parent=35051"}],"wp:term":[{"taxonomy":"category","embeddable":true,"href":"https:\/\/www.sport-kaiser.de\/fr\/wp-json\/wp\/v2\/categories?post=35051"},{"taxonomy":"post_tag","embeddable":true,"href":"https:\/\/www.sport-kaiser.de\/fr\/wp-json\/wp\/v2\/tags?post=35051"}],"curies":[{"name":"wp","href":"https:\/\/api.w.org\/{rel}","templated":true}]}}