{"id":30209,"date":"2022-09-12T14:39:03","date_gmt":"2022-09-12T12:39:03","guid":{"rendered":"https:\/\/www.sport-kaiser.de\/?p=30209"},"modified":"2024-04-16T16:49:09","modified_gmt":"2024-04-16T14:49:09","slug":"a-propos-de-nous-lhistoire-de-lorigine-et-les-valeurs","status":"publish","type":"post","link":"https:\/\/www.sport-kaiser.de\/fr\/ueber-uns-die-entstehungsgeschichte-und-werte\/","title":{"rendered":"\u00c0 propos de nous : l'histoire et les valeurs de Sport Kaiser"},"content":{"rendered":"<div class=\"wp-block-rank-math-toc-block\" id=\"rank-math-toc\"><h2>Table des mati\u00e8res<\/h2><nav><ul><li class=\"\"><a href=\"#1-die-grundpfeiler-wurden-fruh-gelegt\">1. les fondations ont \u00e9t\u00e9 pos\u00e9es tr\u00e8s t\u00f4t<\/a><\/li><li class=\"\"><a href=\"#2-die-schritte-hin-zum-eigenen-unternehmen\">2. les \u00e9tapes vers la cr\u00e9ation de sa propre entreprise<\/a><\/li><li class=\"\"><a href=\"#3-sport-kaiser-wachst-stetig\">3. Sport Kaiser ne cesse de cro\u00eetre<\/a><\/li><li class=\"\"><a href=\"#4-eine-familie\">4. \"Une famille\"<\/a><\/li><li class=\"\"><a href=\"#5-werte-und-ziele\">5. valeurs et objectifs<\/a><\/li><li class=\"\"><a href=\"#6-schliessung-der-bahnhofstrasse\">6. fermeture de la rue de la gare<\/a><\/li><li class=\"\"><a href=\"#7-eroffnung-der-erweiterung-am-muhlbach\">7. ouverture de l'extension au M\u00fchlbach<\/a><\/li><\/ul><\/nav><\/div>\n\n\n\n<h3 class=\"wp-block-heading\" id=\"1-die-grundpfeiler-wurden-fruh-gelegt\">1. les fondations ont \u00e9t\u00e9 pos\u00e9es tr\u00e8s t\u00f4t<\/h3>\n\n\n\n<p>Si son p\u00e8re travaillait d\u00e9j\u00e0 dans la construction d'installations sportives dans la belle Autriche, il n'\u00e9tait pas forc\u00e9ment \u00e9tonnant qu'Andi Kaiser, en donnant un coup de main pour la construction des pistes de ski, veuille tout de suite les essayer.<\/p>\n\n\n\n<p>Fra\u00eechement sorti de l'\u00e9cole de ski, Andi a suivi une formation de commer\u00e7ant de d\u00e9tail. Sa passion pour le sport n'a pu \u00eatre assouvie qu'en pratiquant de nombreux sports diff\u00e9rents : Le surf (professeur), le ski (professeur), l'athl\u00e9tisme, le football (entra\u00eeneur), le patin en ligne (entra\u00eeneur) et, et, et.<\/p>\n\n\n\n<p>C'est au cours de sa passion pour le surf qu'il a finalement rencontr\u00e9 son \u00e9pouse actuelle, Evi. Sans se soucier des blagues sur les Autrichiens, Andi a tenu bon et est tomb\u00e9 amoureux non seulement d'Evi, mais aussi de sa r\u00e9gion natale - le Chiemgau.&nbsp;<\/p>\n\n\n\n<h3 class=\"wp-block-heading\" id=\"2-die-schritte-hin-zum-eigenen-unternehmen\">2. les \u00e9tapes vers la cr\u00e9ation de sa propre entreprise<\/h3>\n\n\n\n<p>De 1988 \u00e0 1997, Andi a travaill\u00e9 chez \"Sport Steigenberger\" \u00e0 Aschau i. Ch. En tr\u00e8s peu de temps, Andi a \u00e9galement pris pied dans de nombreuses associations du Chiemgau. Son engagement s'\u00e9tendait de l'entra\u00eeneur de football au premier comit\u00e9 directeur des Prienliners, en passant par le club de ski et l'entra\u00eeneur de la f\u00e9d\u00e9ration. Avec la naissance de son premier fils, il s'est rapproch\u00e9 de la maison et Andi a trouv\u00e9 son lieu de travail chez \"Intersport Erhard\" \u00e0 Prien a.Ch. de 1997 \u00e0 2005.<\/p>\n\n\n\n<p>Avec la chance d'avoir \u00e0 ses c\u00f4t\u00e9s une \u00e9pouse \u00e9galement passionn\u00e9e de sport, Andi a r\u00e9alis\u00e9 le r\u00eave de sa vie et les deux ont repris le magasin traditionnel \u00e9tabli depuis longtemps en 2005.<\/p>\n\n\n\n<h3 class=\"wp-block-heading\" id=\"3-sport-kaiser-wachst-stetig\">3. Sport Kaiser ne cesse de cro\u00eetre<\/h3>\n\n\n\n<p>En 2008, la boutique tendance \"1080\" est venue s'y ajouter. Le grand agrandissement avec un atelier professionnel a eu lieu en 2011 et le magasin \"Am M\u00fchlbach\" a \u00e9t\u00e9 ouvert. Pour des raisons de logistique, le magasin de la gare a \u00e9t\u00e9 ajout\u00e9 en 2013 comme deuxi\u00e8me boutique \u00e0 la place de \"1080\".<\/p>\n\n\n\n<h3 class=\"wp-block-heading\" id=\"4-eine-familie\">4. \"Une famille\"<\/h3>\n\n\n\n<p>Ensemble, Evi et Andi ont 1200 m\u00e8tres carr\u00e9s de pure <a href=\"https:\/\/www.instagram.com\/p\/C4iLs7GtxYE\/\" target=\"_blank\" rel=\"noopener\">Passion du sport <\/a>\u00e0 Prien a.Ch. - plus une location de SUP dans la baie de Schafwaschen \u00e0 Rimsting - et la prochaine g\u00e9n\u00e9ration est d\u00e9j\u00e0 de la partie !<\/p>\n\n\n\n<h3 class=\"wp-block-heading\" id=\"5-werte-und-ziele\">5. valeurs et objectifs<\/h3>\n\n\n\n<p>Enti\u00e8rement ou pas du tout. Chez Sport Kaiser, notre philosophie se compose de nombreux points importants qui sont li\u00e9s entre eux. Mais chez nous, il faut toujours y mettre tout son c\u0153ur. Il n'est pas possible pour une entreprise de travailler sans utiliser de ressources, mais nous sommes absolument d\u00e9termin\u00e9s \u00e0 promouvoir la durabilit\u00e9. L'attention port\u00e9e \u00e0 la nature, le respect de l'homme et la recherche de l'harmonie entre l'homme et la nature sont nos principales pr\u00e9occupations.&nbsp;<\/p>\n\n\n\n<h3 class=\"wp-block-heading\" id=\"6-schliessung-der-bahnhofstrasse\">6. fermeture de la rue de la gare<\/h3>\n\n\n\n<p>Depuis fin ao\u00fbt ou d\u00e9but septembre, la succursale de la Bahnhofstra\u00dfe est ferm\u00e9e. Comme une plus grande surface s'est lib\u00e9r\u00e9e sur le site principal, Andi et Evi ont d\u00e9cid\u00e9 de l'agrandir. Cela a facilit\u00e9 le processus de travail sur le plan logistique. Les employ\u00e9s ont tous \u00e9t\u00e9 repris, tout comme l'assortiment. <a href=\"https:\/\/www.sport-kaiser.de\/sport-kaiser-bahnhofsstrasse-geschlossen\/\">LIRE LA SUITE ICI<\/a><\/p>\n\n\n\n<h3 class=\"wp-block-heading\" id=\"7-eroffnung-der-erweiterung-am-muhlbach\">7. ouverture de l'extension au M\u00fchlbach<\/h3>\n\n\n\n<p>Le 30 septembre a marqu\u00e9 une \u00e9tape importante dans l'histoire de notre entreprise. <a href=\"https:\/\/www.sport-kaiser.de\/\">Sport Kaiser<\/a>. Ce jour-l\u00e0, nous avons f\u00eat\u00e9 avec de nombreux amis l'ouverture de l'espace agrandi de notre site principal. Avec beaucoup de passion et d'engagement, nous avons non seulement agrandi les locaux, mais nous les avons \u00e9galement \u00e9quip\u00e9s de fonctionnalit\u00e9s sp\u00e9ciales qui offrent \u00e0 nos clients une exp\u00e9rience d'achat encore meilleure.<\/p>\n\n\n\n<p>Parmi les nouveaut\u00e9s, on peut citer un acc\u00e8s sans obstacle gr\u00e2ce \u00e0 un ascenseur pour les fauteuils roulants, ce qui nous a permis d'ouvrir encore plus nos portes \u00e0 tous les passionn\u00e9s de sport. L'un des points forts est sans aucun doute la salle de sport nouvellement am\u00e9nag\u00e9e. <a href=\"https:\/\/www.sport-kaiser.de\/erlebe-den-genuss-in-unserer-neuen-kundenbar-bei-sport-kaiser\/\" data-type=\"post\" data-id=\"31371\">Bar<\/a>Nos clients peuvent d\u00e9sormais profiter d'un caf\u00e9 aromatique. <a href=\"https:\/\/www.sport-kaiser.de\/erlebe-den-genuss-in-unserer-neuen-kundenbar-bei-sport-kaiser\/\" data-type=\"post\" data-id=\"31371\">Caf\u00e9 <\/a>se d\u00e9tendre et \u00e9changer des informations. De plus, nous avons install\u00e9 une deuxi\u00e8me caisse afin d'acc\u00e9l\u00e9rer le processus d'achat et de le rendre plus agr\u00e9able pour nos clients.<\/p>\n\n\n\n<figure class=\"wp-block-image size-large\"><img loading=\"lazy\" decoding=\"async\" width=\"1024\" height=\"768\" src=\"https:\/\/www.sport-kaiser.de\/wp-content\/uploads\/2024\/04\/SportKaiser1-5-1024x768.jpeg\" alt=\"\" class=\"wp-image-32450\" srcset=\"https:\/\/www.sport-kaiser.de\/wp-content\/uploads\/2024\/04\/SportKaiser1-5-1024x768.jpeg 1024w, https:\/\/www.sport-kaiser.de\/wp-content\/uploads\/2024\/04\/SportKaiser1-5-scaled-600x450.jpeg 600w, https:\/\/www.sport-kaiser.de\/wp-content\/uploads\/2024\/04\/SportKaiser1-5-300x225.jpeg 300w, https:\/\/www.sport-kaiser.de\/wp-content\/uploads\/2024\/04\/SportKaiser1-5-768x576.jpeg 768w, https:\/\/www.sport-kaiser.de\/wp-content\/uploads\/2024\/04\/SportKaiser1-5-1536x1152.jpeg 1536w, https:\/\/www.sport-kaiser.de\/wp-content\/uploads\/2024\/04\/SportKaiser1-5-2048x1536.jpeg 2048w, https:\/\/www.sport-kaiser.de\/wp-content\/uploads\/2024\/04\/SportKaiser1-5-16x12.jpeg 16w, https:\/\/www.sport-kaiser.de\/wp-content\/uploads\/2024\/04\/SportKaiser1-5-249x187.jpeg 249w, https:\/\/www.sport-kaiser.de\/wp-content\/uploads\/2024\/04\/SportKaiser1-5-1290x968.jpeg 1290w\" sizes=\"auto, (max-width: 1024px) 100vw, 1024px\" \/><\/figure>\n\n\n\n<p>Pour les aventuriers et les <a href=\"https:\/\/www.sport-kaiser.de\/klettersteig-set-ausleihen-bei-sport-kaiser-in-prien-dein-tor-zum-bergabenteuer\/\" data-type=\"post\" data-id=\"32282\">Fans d'escalade<\/a> nous avons install\u00e9 un mur d'escalade. Nous avons \u00e9galement augment\u00e9 le nombre de cabines d'essayage afin d'offrir \u00e0 nos clients plus de confort et d'intimit\u00e9 lors des essayages.<\/p>\n\n\n\n<p>La c\u00e9r\u00e9monie d'ouverture a \u00e9t\u00e9 un franc succ\u00e8s et un merveilleux moment pour c\u00e9l\u00e9brer avec nos clients les nouvelles possibilit\u00e9s et l'espace \u00e9largi. Ce fut une journ\u00e9e de joie, de rencontres et d'inspiration sportive dont nous garderons un vif souvenir.<\/p>\n\n\n\n<p>Nous voulons \u00eatre 100% derri\u00e8re ce que nous proposons : et uniquement de la qualit\u00e9 sup\u00e9rieure. Notre service fait partie de cette qualit\u00e9. Nous sommes une entreprise familiale et nous voulons le meilleur non seulement pour nos clients, mais aussi pour nos collaborateurs. Nous savons \u00e0 quel point la qualit\u00e9 est importante \u00e0 l'heure actuelle. C'est pourquoi nous vivons notre travail - car le sport et le plaisir nous unissent. C'est ce que nous voulons transmettre au monde entier.&nbsp;<\/p>","protected":false},"excerpt":{"rendered":"<p>Les bases ont \u00e9t\u00e9 pos\u00e9es tr\u00e8s t\u00f4t Si son p\u00e8re travaillait d\u00e9j\u00e0 dans la construction d'installations sportives dans la belle Autriche, il n'\u00e9tait pas forc\u00e9ment \u00e9tonnant qu'Andi Kaiser, en aidant du<\/p>","protected":false},"author":170813083,"featured_media":2350,"comment_status":"open","ping_status":"closed","sticky":false,"template":"","format":"standard","meta":{"_price":"","_stock":"","_tribe_ticket_header":"","_tribe_default_ticket_provider":"","_tribe_ticket_capacity":"0","_ticket_start_date":"","_ticket_end_date":"","_tribe_ticket_show_description":"","_tribe_ticket_show_not_going":false,"_tribe_ticket_use_global_stock":"","_tribe_ticket_global_stock_level":"","_global_stock_mode":"","_global_stock_cap":"","_tribe_rsvp_for_event":"","_tribe_ticket_going_count":"","_tribe_ticket_not_going_count":"","_tribe_tickets_list":"[]","_tribe_ticket_has_attendee_info_fields":false,"footnotes":""},"categories":[2710],"tags":[2899,2956,2958,2957,2921,2925,2959,2960,2961],"class_list":["post-30209","post","type-post","status-publish","format-standard","has-post-thumbnail","hentry","category-allgemein","tag-chiemsee","tag-geschichte","tag-history","tag-prien","tag-qualitaet","tag-service","tag-sport","tag-werte","tag-ziele"],"_links":{"self":[{"href":"https:\/\/www.sport-kaiser.de\/fr\/wp-json\/wp\/v2\/posts\/30209","targetHints":{"allow":["GET"]}}],"collection":[{"href":"https:\/\/www.sport-kaiser.de\/fr\/wp-json\/wp\/v2\/posts"}],"about":[{"href":"https:\/\/www.sport-kaiser.de\/fr\/wp-json\/wp\/v2\/types\/post"}],"author":[{"embeddable":true,"href":"https:\/\/www.sport-kaiser.de\/fr\/wp-json\/wp\/v2\/users\/170813083"}],"replies":[{"embeddable":true,"href":"https:\/\/www.sport-kaiser.de\/fr\/wp-json\/wp\/v2\/comments?post=30209"}],"version-history":[{"count":10,"href":"https:\/\/www.sport-kaiser.de\/fr\/wp-json\/wp\/v2\/posts\/30209\/revisions"}],"predecessor-version":[{"id":32472,"href":"https:\/\/www.sport-kaiser.de\/fr\/wp-json\/wp\/v2\/posts\/30209\/revisions\/32472"}],"wp:featuredmedia":[{"embeddable":true,"href":"https:\/\/www.sport-kaiser.de\/fr\/wp-json\/wp\/v2\/media\/2350"}],"wp:attachment":[{"href":"https:\/\/www.sport-kaiser.de\/fr\/wp-json\/wp\/v2\/media?parent=30209"}],"wp:term":[{"taxonomy":"category","embeddable":true,"href":"https:\/\/www.sport-kaiser.de\/fr\/wp-json\/wp\/v2\/categories?post=30209"},{"taxonomy":"post_tag","embeddable":true,"href":"https:\/\/www.sport-kaiser.de\/fr\/wp-json\/wp\/v2\/tags?post=30209"}],"curies":[{"name":"wp","href":"https:\/\/api.w.org\/{rel}","templated":true}]}}